[{"@context":"https:\/\/schema.org\/","@type":"Article","@id":"https:\/\/www.isscb.cz\/baleni-veci-do-kufru-je-zabava\/#Article","mainEntityOfPage":"https:\/\/www.isscb.cz\/baleni-veci-do-kufru-je-zabava\/","headline":"Balen\u00ed v\u011bc\u00ed do kufru je z\u00e1bava","name":"Balen\u00ed v\u011bc\u00ed do kufru je z\u00e1bava","description":"Pokud r\u00e1di cestujete jako j\u00e1, jist\u011b jste u\u017e procestovali hodn\u011b zem\u00ed. Mezi m\u00e9 nejobl\u00edben\u011bj\u0161\u00ed zem\u011b, kter\u00e9 jsem nav\u0161t\u00edvila, pat\u0159\u00ed nap\u0159\u00edklad N\u011bmecko, Slovensko, Bulharsko a d\u00e1le. V Bulharsku jsem byla se sv\u00fdm d\u011bdou a babi\u010dkou dvakr\u00e1t, jednou mi bylo cca osm let, podruh\u00e9 \u0161est let. Byla to z\u00e1bava. Bulharsko m\u011b naprosto uchv\u00e1tilo svou atmosf\u00e9rou. Mo\u0159e bylo &hellip;","datePublished":"2023-11-15","dateModified":"2023-12-19","author":{"@type":"Person","@id":"https:\/\/www.isscb.cz\/author\/#Person","name":"","url":"https:\/\/www.isscb.cz\/author\/","identifier":1,"image":{"@type":"ImageObject","@id":"https:\/\/secure.gravatar.com\/avatar\/9994033610bfa8d5c75e7c2dd1b5bdd54900f4ed2e7e5c6722d4887246e31af4?s=96&d=mm&r=g","url":"https:\/\/secure.gravatar.com\/avatar\/9994033610bfa8d5c75e7c2dd1b5bdd54900f4ed2e7e5c6722d4887246e31af4?s=96&d=mm&r=g","height":96,"width":96}},"publisher":{"@type":"Organization","name":"isscb.cz","logo":{"@type":"ImageObject","@id":"\/logo.png","url":"\/logo.png","width":600,"height":60}},"image":{"@type":"ImageObject","@id":"https:\/\/www.isscb.cz\/wp-content\/uploads\/beach-1236581_1280_2.jpg","url":"https:\/\/www.isscb.cz\/wp-content\/uploads\/beach-1236581_1280_2.jpg","height":0,"width":0},"url":"https:\/\/www.isscb.cz\/baleni-veci-do-kufru-je-zabava\/","about":["Zbo\u017e\u00ed"],"wordCount":411,"articleBody":"   Pokud r\u00e1di cestujete jako j\u00e1, jist\u011b jste u\u017e procestovali hodn\u011b zem\u00ed. Mezi m\u00e9 nejobl\u00edben\u011bj\u0161\u00ed zem\u011b, kter\u00e9 jsem nav\u0161t\u00edvila, pat\u0159\u00ed nap\u0159\u00edklad N\u011bmecko, Slovensko, Bulharsko a d\u00e1le. V Bulharsku jsem byla se sv\u00fdm d\u011bdou a babi\u010dkou dvakr\u00e1t, jednou mi bylo cca osm let, podruh\u00e9 \u0161est let. Byla to z\u00e1bava. Bulharsko m\u011b naprosto uchv\u00e1tilo svou atmosf\u00e9rou. Mo\u0159e bylo n\u00e1dhern\u00e9 a \u010dist\u00e9 a j\u00e1 jsem se tu c\u00edtila opravdu dob\u0159e. Na Slovensku jsem nav\u0161t\u00edvila term\u00e1ly v Dunajsk\u00e9 Stred\u011b. Celkem to bylo asi t\u0159ikr\u00e1t, nebo \u010dty\u0159ikr\u00e1t, naposledy jsem tady byla p\u0159ed m\u011bs\u00edcem. No a N\u011bmecko jsem procestovala hodn\u011b a poznala jsem plno nov\u00fdch m\u00edst. A kdy\u017e cestujete, v\u00edte, co si sbalit do kufru blog.luxbryle.cz s sebou? J\u00e1 jsem si v\u017edycky sbalila ty nejd\u016fle\u017eit\u011bj\u0161\u00ed v\u011bci. Mezi n\u011b pat\u0159\u00ed na prvn\u00edm m\u00edst\u011b oble\u010den\u00ed (hlavn\u011b letn\u00ed, proto\u017ee na dovolen\u00e9 v Bulharsku jsme jeli v\u017edycky v l\u00e9t\u011b), ale sbalila jsem si s sebou p\u00e1r zimn\u00edch kousk\u016f pro p\u0159\u00edpad, \u017ee by pr\u0161elo, nebo by byla zima a my bychom n\u011bkam \u0161li. D\u00e1le jsem si s sebou sbalila \u017eehli\u010dku na vlasy, hygienick\u00e9 pot\u0159eby, a je\u0161t\u011b pokud bych te\u010f jela, tak bych sbalila i oble\u010den\u00ed sv\u00e9 dcery, n\u011bjak\u00e9 j\u00eddlo na cestu. J\u00eddlo na cestu jsem v\u017edycky ud\u011blala dop\u0159edu, v\u011bt\u0161inou kdy\u017e n\u011bkam jedu, nebo cestuji, d\u011bl\u00e1m \u0159\u00edzky s bramborovou ka\u0161\u00ed.Nebo n\u011bjak\u00e9 zeleninov\u00e9 sal\u00e1ty. Pokud milujete cestov\u00e1n\u00ed jako j\u00e1, ur\u010dit\u011b si budete balit v\u011bci do kufru pravideln\u011b. V l\u00e9t\u011b si je\u0161t\u011b nezapome\u0148te s sebou vz\u00edt slune\u010dn\u00ed br\u00fdle, proto\u017ee n\u011bkomu z toho sv\u00edt\u00edc\u00edho slun\u00ed\u010dka slz\u00ed o\u010di (to je zrovna m\u016fj p\u0159\u00edpad). Nesn\u00e1\u0161\u00edm, kdy\u017e mi do o\u010d\u00ed sv\u00edt\u00ed slun\u00ed\u010dko, a proto si v\u017edycky s sebou slune\u010dn\u00ed br\u00fdle beru, abych potom nebyla mrzut\u00e1. Pokud se chyst\u00e1te n\u011bkam do zahrani\u010d\u00ed, ur\u010dit\u011b si p\u0159edt\u00edm nezapome\u0148te vy\u0159\u00eddit i cestovn\u00ed poji\u0161t\u011bn\u00ed, kter\u00e9 je d\u016fle\u017eit\u00e9, kdy\u017e n\u011bkam jedete. Hrad\u00ed v\u00e1m zdravotn\u00ed p\u00e9\u010di, kdyby se v\u00e1m nedejbo\u017ee n\u011bco stalo v zahrani\u010d\u00ed.                                                                                                                                                                                                                                                                                                                                                                                          3.9\/5 - (7 votes)        "},{"@context":"https:\/\/schema.org\/","@type":"BreadcrumbList","itemListElement":[{"@type":"ListItem","position":1,"name":"Balen\u00ed v\u011bc\u00ed do kufru je z\u00e1bava","item":"https:\/\/www.isscb.cz\/baleni-veci-do-kufru-je-zabava\/#breadcrumbitem"}]}]