[{"@context":"https:\/\/schema.org\/","@type":"Article","@id":"https:\/\/www.isscb.cz\/manzelcina-navsteva\/#Article","mainEntityOfPage":"https:\/\/www.isscb.cz\/manzelcina-navsteva\/","headline":"Man\u017eel\u010dina n\u00e1v\u0161t\u011bva","name":"Man\u017eel\u010dina n\u00e1v\u0161t\u011bva","description":"Pro\u0161la chodbou, na jej\u00edch\u017e st\u011bn\u00e1ch visely \u010dernob\u00edl\u00e9 obrazy v tmav\u011b rud\u00fdch r\u00e1mech, jejich\u017e auto\u0159i u\u017e d\u00e1vno nechodili na tuto univerzitu. Nem\u011bla pro man\u017eela dobr\u00e9 zpr\u00e1vy, ale to mohl jej\u00ed drah\u00fd univerzitn\u00ed profesor v\u011bd\u011bt. P\u0159ipravovala si v hlav\u011b \u0159e\u010d, jak to v\u0161echno je vlastn\u011b jej\u00ed vina, proto\u017ee si m\u011bla za\u0159\u00eddit celou tu akci na jin\u00fd v\u00edkend, &hellip;","datePublished":"2025-03-11","dateModified":"2025-03-11","author":{"@type":"Person","@id":"https:\/\/www.isscb.cz\/author\/#Person","name":"","url":"https:\/\/www.isscb.cz\/author\/","identifier":1,"image":{"@type":"ImageObject","@id":"https:\/\/secure.gravatar.com\/avatar\/9994033610bfa8d5c75e7c2dd1b5bdd54900f4ed2e7e5c6722d4887246e31af4?s=96&d=mm&r=g","url":"https:\/\/secure.gravatar.com\/avatar\/9994033610bfa8d5c75e7c2dd1b5bdd54900f4ed2e7e5c6722d4887246e31af4?s=96&d=mm&r=g","height":96,"width":96}},"publisher":{"@type":"Organization","name":"isscb.cz","logo":{"@type":"ImageObject","@id":"\/logo.png","url":"\/logo.png","width":600,"height":60}},"url":"https:\/\/www.isscb.cz\/manzelcina-navsteva\/","wordCount":170,"articleBody":"Pro\u0161la chodbou, na jej\u00edch\u017e st\u011bn\u00e1ch visely \u010dernob\u00edl\u00e9 obrazy v tmav\u011b rud\u00fdch r\u00e1mech, jejich\u017e auto\u0159i u\u017e d\u00e1vno nechodili na tuto univerzitu. Nem\u011bla pro man\u017eela dobr\u00e9 zpr\u00e1vy, ale to mohl jej\u00ed drah\u00fd univerzitn\u00ed profesor v\u011bd\u011bt. P\u0159ipravovala si v hlav\u011b \u0159e\u010d, jak to v\u0161echno je vlastn\u011b jej\u00ed vina, proto\u017ee si m\u011bla za\u0159\u00eddit celou tu akci na jin\u00fd v\u00edkend, kdy\u017e v\u011bd\u011bla, \u017ee st\u011bhov\u00e1ci p\u0159ijedou n\u011bkdy tento t\u00fdden, ale rozhodn\u011b ne\u010dekala, \u017ee by se to mohlo v\u0161echno sej\u00edt v jeden den. St\u011bhov\u00e1n\u00ed Te\u010f nezb\u00fdvalo, ne\u017e aby si bu\u010fto ona vzala tax\u00edka dal\u0161\u00ed den a dopravila se na akci, kterou domlouvaly s holkama u\u017e p\u016fl roku p\u0159edem, anebo aby man\u017eel odlo\u017eil odjezd do Uhersk\u00e9ho Brodu na konferenci a\u017e na ve\u010der \u010di dal\u0161\u00ed den r\u00e1no. Zaklepala, nebo\u0165 mohl m\u00edt man\u017eel konzultace.                                                                                                                                                                                                                                                                                                                                                                                        4.7\/5 - (4 votes)        "},{"@context":"https:\/\/schema.org\/","@type":"BreadcrumbList","itemListElement":[{"@type":"ListItem","position":1,"name":"Man\u017eel\u010dina n\u00e1v\u0161t\u011bva","item":"https:\/\/www.isscb.cz\/manzelcina-navsteva\/#breadcrumbitem"}]}]