[{"@context":"https:\/\/schema.org\/","@type":"Article","@id":"https:\/\/www.isscb.cz\/prestehujte-se-v-praze-na-jare\/#Article","mainEntityOfPage":"https:\/\/www.isscb.cz\/prestehujte-se-v-praze-na-jare\/","headline":"P\u0159est\u011bhujte se v Praze na ja\u0159e","name":"P\u0159est\u011bhujte se v Praze na ja\u0159e","description":"Pl\u00e1nujete v dlouhodob\u00e9m horizontu st\u011bhov\u00e1n\u00ed v Praze levn\u011b a prozat\u00edm nem\u00e1te jasn\u00fd term\u00edn st\u011bhovac\u00ed akce? Zva\u017eujete, zda to nechat a\u017e na dobu p\u0159ed v\u00e1no\u010dn\u00edmi sv\u00e1tky, anebo to chcete prov\u00e9st v l\u00e9t\u011b? Pokud v\u00e1m m\u016f\u017eeme vhodn\u011b poradit, zajist\u011bte si rad\u011bji V\u00e1noce klidn\u00e9, bez st\u011bhovac\u00edho martyria, a stejn\u011b tak se vyhn\u011bte letn\u00ed akci, kdy Pra\u017eany su\u017euj\u00ed tropick\u00e1 &hellip;","datePublished":"2024-03-15","dateModified":"2024-04-16","author":{"@type":"Person","@id":"https:\/\/www.isscb.cz\/author\/#Person","name":"","url":"https:\/\/www.isscb.cz\/author\/","identifier":1,"image":{"@type":"ImageObject","@id":"https:\/\/secure.gravatar.com\/avatar\/9994033610bfa8d5c75e7c2dd1b5bdd54900f4ed2e7e5c6722d4887246e31af4?s=96&d=mm&r=g","url":"https:\/\/secure.gravatar.com\/avatar\/9994033610bfa8d5c75e7c2dd1b5bdd54900f4ed2e7e5c6722d4887246e31af4?s=96&d=mm&r=g","height":96,"width":96}},"publisher":{"@type":"Organization","name":"isscb.cz","logo":{"@type":"ImageObject","@id":"\/logo.png","url":"\/logo.png","width":600,"height":60}},"image":{"@type":"ImageObject","@id":"https:\/\/www.isscb.cz\/wp-content\/uploads\/trolley-2582492_640_1.png","url":"https:\/\/www.isscb.cz\/wp-content\/uploads\/trolley-2582492_640_1.png","height":0,"width":0},"url":"https:\/\/www.isscb.cz\/prestehujte-se-v-praze-na-jare\/","about":["Business"],"wordCount":408,"articleBody":"   Pl\u00e1nujete v dlouhodob\u00e9m horizontu st\u011bhov\u00e1n\u00ed v Praze levn\u011b a prozat\u00edm nem\u00e1te jasn\u00fd term\u00edn st\u011bhovac\u00ed akce? Zva\u017eujete, zda to nechat a\u017e na dobu p\u0159ed v\u00e1no\u010dn\u00edmi sv\u00e1tky, anebo to chcete prov\u00e9st v l\u00e9t\u011b? Pokud v\u00e1m m\u016f\u017eeme vhodn\u011b poradit, zajist\u011bte si rad\u011bji V\u00e1noce klidn\u00e9, bez st\u011bhovac\u00edho martyria, a stejn\u011b tak se vyhn\u011bte letn\u00ed akci, kdy Pra\u017eany su\u017euj\u00ed tropick\u00e1 vedra, a napl\u00e1nujte st\u011bhovac\u00ed proces na jarn\u00ed m\u011bs\u00edce, nap\u0159\u00edklad na kv\u011bten nebo prvn\u00ed polovinu \u010dervna. Vyu\u017eijte bonus\u016f, kter\u00e9 toto obdob\u00ed nab\u00edz\u00ed, a my bychom si je tu mohli v kr\u00e1tkosti p\u0159ipomenout:Jarn\u00ed rovnodennost \u2013 podzimn\u00ed a jarn\u00ed rovnodennost jsou ide\u00e1ln\u00ed obdob\u00ed pro st\u011bhov\u00e1n\u00ed hlavn\u011b proto, \u017ee venkovn\u00ed teploty osciluj\u00ed n\u011bkde mezi 17 a 24 stupni Celsia, tedy z hlediska pohybu v ter\u00e9nu a fyzick\u00fdch aktivit naprosto ide\u00e1ln\u00ed. Ani horko, ani zima, minim\u00e1ln\u00ed n\u00e1roky na obl\u00e9k\u00e1n\u00ed, prakticky \u017e\u00e1dn\u00e9 starosti s ochlazov\u00e1n\u00edm organismu v tropick\u00fdch vedrech, anebo se zah\u0159\u00edv\u00e1n\u00edm a navl\u00e9k\u00e1n\u00edm tepl\u00fdch svrchn\u00edk\u016f v t\u0159eskut\u00fdch mrazech. Na ulici tak\u00e9 nebude \u017e\u00e1dn\u00e9 n\u00e1led\u00ed a sn\u011bhov\u00e1 kalamita.Kvetouc\u00ed a vo\u0148av\u00e9 obdob\u00ed \u2013 st\u011bhov\u00e1n\u00ed na podzim je tak\u00e9 celkem fajn, zvl\u00e1\u0161t\u011b pokud v\u00e1s zastihne tepl\u00e9 bab\u00ed l\u00e9to, ale na podzim ji\u017e v\u0161echny kv\u011bty odkvetly, kde\u017eto na ja\u0159e v\u0161echno teprve za\u010d\u00edn\u00e1 pu\u010det a tak\u00e9 to venku kr\u00e1sn\u011b von\u00ed sv\u011b\u017e\u00edm pov\u011bt\u0159\u00edm, a samoz\u0159ejm\u011b i t\u011bmi kv\u011bty. Takov\u00e1to atmosf\u00e9ra m\u00e1 zna\u010dn\u00fd pozitivn\u00ed vliv na psychiku, a to se pak tak\u00e9 projev\u00ed na samotn\u00e9m procesu st\u011bhov\u00e1n\u00ed. Budou se v\u00e1m l\u00e9pe balit v\u011bci, ukl\u00edzet, organizovat zabydlov\u00e1n\u00ed v nov\u00e9m p\u0159\u00edbytku a tak\u00e9 samoz\u0159ejm\u011b odpo\u010d\u00edvat. Na ja\u0159e ji\u017e odpad\u00e1 typick\u00fd m\u011bstsk\u00fd smog v pr\u016fb\u011bhu podzimn\u00edch a zimn\u00edch inverz\u00ed, tak\u017ee se v\u00e1m bude i l\u00e9pe d\u00fdchat, a budete si moci \u010dast\u011bji vych\u00e1zet ven na proch\u00e1zku. Bude v\u00e1s to i v\u00edce t\u00e1hnout k posezen\u00ed v cukr\u00e1rn\u011b nebo v pizzerii, \u010d\u00edm\u017e si pr\u016fb\u011bh st\u011bhov\u00e1n\u00ed m\u016f\u017eete n\u00e1ramn\u011b obohatit a zpest\u0159it.                                                                                                                                                                                                                                                                                                                                                                                          4.8\/5 - (6 votes)        "},{"@context":"https:\/\/schema.org\/","@type":"BreadcrumbList","itemListElement":[{"@type":"ListItem","position":1,"name":"P\u0159est\u011bhujte se v Praze na ja\u0159e","item":"https:\/\/www.isscb.cz\/prestehujte-se-v-praze-na-jare\/#breadcrumbitem"}]}]