[{"@context":"https:\/\/schema.org\/","@type":"Article","@id":"https:\/\/www.isscb.cz\/vice-svetla-do-vasich-pudnich-prostor-prinesou-nase-okna\/#Article","mainEntityOfPage":"https:\/\/www.isscb.cz\/vice-svetla-do-vasich-pudnich-prostor-prinesou-nase-okna\/","headline":"V\u00edce sv\u011btla do va\u0161ich p\u016fdn\u00edch prostor p\u0159inesou na\u0161e okna","name":"V\u00edce sv\u011btla do va\u0161ich p\u016fdn\u00edch prostor p\u0159inesou na\u0161e okna","description":"M\u00e1te rodinn\u00fd d\u016fm a chcete roz\u0161\u00ed\u0159it sv\u00e9 bytov\u00e9 prostory o dal\u0161\u00ed m\u00edstnosti? Potom je ide\u00e1ln\u00ed vyu\u017e\u00edt va\u0161e p\u016fdn\u00ed prostory. Sv\u011btlo do nich v\u00e1m p\u0159inesou na\u0161e st\u0159e\u0161n\u00ed okna. Teprve s nimi je mo\u017eno za\u010d\u00edt prov\u00e1d\u011bt stavebn\u00ed \u00fapravy. Na p\u016fd\u011b m\u016f\u017eete z\u00edskat nov\u00e9 kr\u00e1sn\u00e9 m\u00edstnosti, kter\u00e9 roz\u0161\u00ed\u0159\u00ed va\u0161e dosavadn\u00ed bydlen\u00ed. M\u016f\u017eete si je nyn\u00ed objednat. Na\u0161e okna &hellip;","datePublished":"2024-11-14","dateModified":"2024-11-14","author":{"@type":"Person","@id":"https:\/\/www.isscb.cz\/author\/#Person","name":"","url":"https:\/\/www.isscb.cz\/author\/","identifier":1,"image":{"@type":"ImageObject","@id":"https:\/\/secure.gravatar.com\/avatar\/9994033610bfa8d5c75e7c2dd1b5bdd54900f4ed2e7e5c6722d4887246e31af4?s=96&d=mm&r=g","url":"https:\/\/secure.gravatar.com\/avatar\/9994033610bfa8d5c75e7c2dd1b5bdd54900f4ed2e7e5c6722d4887246e31af4?s=96&d=mm&r=g","height":96,"width":96}},"publisher":{"@type":"Organization","name":"isscb.cz","logo":{"@type":"ImageObject","@id":"\/logo.png","url":"\/logo.png","width":600,"height":60}},"url":"https:\/\/www.isscb.cz\/vice-svetla-do-vasich-pudnich-prostor-prinesou-nase-okna\/","wordCount":167,"articleBody":"M\u00e1te rodinn\u00fd d\u016fm a chcete roz\u0161\u00ed\u0159it sv\u00e9 bytov\u00e9 prostory o dal\u0161\u00ed m\u00edstnosti? Potom je ide\u00e1ln\u00ed vyu\u017e\u00edt va\u0161e p\u016fdn\u00ed prostory. Sv\u011btlo do nich v\u00e1m p\u0159inesou na\u0161e st\u0159e\u0161n\u00ed okna. Teprve s nimi je mo\u017eno za\u010d\u00edt prov\u00e1d\u011bt stavebn\u00ed \u00fapravy. Na p\u016fd\u011b m\u016f\u017eete z\u00edskat nov\u00e9 kr\u00e1sn\u00e9 m\u00edstnosti, kter\u00e9 roz\u0161\u00ed\u0159\u00ed va\u0161e dosavadn\u00ed bydlen\u00ed. M\u016f\u017eete si je nyn\u00ed objednat.Na\u0161e okna do st\u0159ech, to je va\u0161e spr\u00e1vn\u00e9 rozhodnut\u00edP\u0159i \u00favaze o vybudov\u00e1n\u00ed va\u0161eho bydlen\u00ed v p\u016fdn\u00edch prostor\u00e1ch mus\u00edte vych\u00e1zet z toho, \u017ee je nutno z\u00edskat tam osv\u011btlen\u00ed t\u011bchto prostor. Teprve potom lze uva\u017eovat o dal\u0161\u00edch stavebn\u00edch \u00faprav\u00e1ch. Osv\u011btlen\u00ed v\u00e1m mohou zajistit na\u0161e perfektn\u00ed st\u0159e\u0161n\u00ed okna Toso Ideal a Toso Premium. Byla vyrobena nejmodern\u011bj\u0161\u00edmi technologick\u00fdmi postupy. Budete s nimi spokojeni.                                                                                                                                                                                                                                                                                                                                                                                        5\/5 - (2 votes)        "},{"@context":"https:\/\/schema.org\/","@type":"BreadcrumbList","itemListElement":[{"@type":"ListItem","position":1,"name":"V\u00edce sv\u011btla do va\u0161ich p\u016fdn\u00edch prostor p\u0159inesou na\u0161e okna","item":"https:\/\/www.isscb.cz\/vice-svetla-do-vasich-pudnich-prostor-prinesou-nase-okna\/#breadcrumbitem"}]}]